{"id":267,"date":"2023-10-27T06:28:11","date_gmt":"2023-10-27T06:28:11","guid":{"rendered":"http:\/\/asenorte.com\/?p=267"},"modified":"2023-10-27T06:28:14","modified_gmt":"2023-10-27T06:28:14","slug":"recalculo-anual-del-iva-deducible","status":"publish","type":"post","link":"https:\/\/asenorte.com\/?p=267","title":{"rendered":"Rec\u00e1lculo Anual del Iva Deducible"},"content":{"rendered":"\n<p>REC\u00c1LCULO ANUAL DEL IVA DEDUCIBLE<\/p>\n\n\n\n<p><strong>Si su empresa tributa en el r\u00e9gimen de prorrata del IVA, recuerde que en la \u00faltima declaraci\u00f3n del a\u00f1o puede verse obligada a recalcular y regularizar el IVA deducido a lo largo del mismo ejercicio.<\/strong><\/p>\n\n\n\n<p><strong>PRORRATA DEFINITIVA<\/strong><\/p>\n\n\n\n<p><strong>Provisional. <\/strong>Si su empresa tributa en el r\u00e9gimen de prorrata general, hasta fin de a\u00f1o no conoce cu\u00e1l ser\u00e1 su porcentaje de prorrata definitivo del ejercicio. Por ello, en las declaraciones previas debe aplicar de forma provisional el porcentaje de prorrata del a\u00f1o anterior.&nbsp;<strong>\u00a1Atenci\u00f3n!&nbsp;<\/strong>No obstante, en la \u00faltima declaraci\u00f3n anual (la del cuarto trimestre o la del mes de diciembre, seg\u00fan corresponda) se debe regularizar el IVA deducido de forma provisional en funci\u00f3n de las ventas totales anuales y del porcentaje de prorrata definitivo.<\/p>\n\n\n\n<p><strong>Ejemplo 1.<\/strong>Su empresa es propietaria de viviendas y locales que est\u00e1 alquilando, y durante el a\u00f1o 2023 ha aplicado la prorrata general.&nbsp;<strong>Apunte.&nbsp;<\/strong>Durante las tres primeras declaraciones trimestrales de 2023 se ha deducido el IVA soportado seg\u00fan la prorrata de 2022 (que fue del 55%). El porcentaje de prorrata definitivo del a\u00f1o 2023 es del 60% (ventas con derecho a deducci\u00f3n\/total ventas):<\/p>\n\n\n\n<figure class=\"wp-block-table\"><table><tbody><tr><td><strong>Declaraci\u00f3n<\/strong><\/td><td><strong>IVAsoportado<\/strong><\/td><td><strong>Deducido 55%<\/strong><\/td><td><strong>Deducible 60%<\/strong><\/td><\/tr><tr><td>1.<sup>er<\/sup>&nbsp;trimestre<\/td><td>10.000<\/td><td>5.500<\/td><td>6.000<\/td><\/tr><tr><td>2.\u00ba trimestre<\/td><td>12.000<\/td><td>6.600<\/td><td>7.200<\/td><\/tr><tr><td>3.<sup>er<\/sup>&nbsp;trimestre<\/td><td>9.000<\/td><td>4.950<\/td><td>5.400<\/td><\/tr><tr><td>4.\u00ba trimestre<\/td><td>15.000<\/td><td>8.250<\/td><td>9.000<\/td><\/tr><tr><td>Totales<\/td><td>46.000<\/td><td>25.300<\/td><td>27.600<\/td><\/tr><\/tbody><\/table><\/figure>\n\n\n\n<p><strong>C\u00e1lculo.<\/strong>Con estos datos, vea la regularizaci\u00f3n a efectuar en la \u00faltima declaraci\u00f3n del a\u00f1o:<\/p>\n\n\n\n<figure class=\"wp-block-table\"><table><tbody><tr><td><strong>Declaraci\u00f3n 4.\u00ba trimestre<\/strong><\/td><td><strong>Importe<\/strong><\/td><\/tr><tr><td>IVA deducible 4T con prorrata 55%<\/td><td>8.250 (1)<\/td><\/tr><tr><td>Regularizaci\u00f3n anual con prorrata 60%<\/td><td>2.300 (2)<\/td><\/tr><tr><td>Total a deducir<\/td><td>10.550<\/td><\/tr><\/tbody><\/table><\/figure>\n\n\n\n<p>IVA deducible en el cuarto trimestre aplicando la prorrata provisional del a\u00f1o anterior (del 55%).<\/p>\n\n\n\n<p>Diferencia entre el IVA deducido en los cuatro trimestres (con prorrata del 55%) y el IVA deducible con la prorrata general del 60%.<\/p>\n\n\n\n<p><strong>PRORRATA \u201cESPECIAL\u201d OBLIGATORIA<\/strong><\/p>\n\n\n\n<p><strong>Regla del 10%. <\/strong>Por otro lado, recuerde que, si su empresa se deduce el IVA soportado seg\u00fan el sistema de prorrata general, en la \u00faltima declaraci\u00f3n anual debe calcular qu\u00e9 IVA se habr\u00eda podido deducir durante todo el a\u00f1o si hubiese aplicado la prorrata especial.&nbsp;<strong>\u00a1Atenci\u00f3n!&nbsp;<\/strong>En ese caso, si el IVA deducible con la prorrata general supera en m\u00e1s de un 10% al que se habr\u00eda deducido con la prorrata especial, debe aplicar esta \u00faltima de forma obligatoria&nbsp;<em>ya en ese mismo ejercicio<\/em>&nbsp;.<\/p>\n\n\n\n<p><strong>Regularizaci\u00f3n. <\/strong>En estos casos, vea la regularizaci\u00f3n a efectuar en la \u00faltima declaraci\u00f3n anual:<\/p>\n\n\n\n<ul>\n<li>Si no debe cambiar de prorrata, deber\u00e1 regularizar el IVA deducido durante el a\u00f1o como se ha indicado anteriormente.<\/li>\n\n\n\n<li>Sin embargo, si debe cambiar a la prorrata especial, la regularizaci\u00f3n del IVA deber\u00e1 llevarla a cabo seg\u00fan la prorrata especial.<\/li>\n<\/ul>\n\n\n\n<p><strong>Ejemplo 2. <\/strong>Con los datos del ejemplo&nbsp;1, del IVA soportado en 2023 (46.000 euros) 27.000 euros proceden del alquiler de viviendas, 12.000&nbsp;del alquiler de locales y 7.000&nbsp;de gastos comunes.&nbsp;<strong>Apunte.&nbsp;<\/strong>En este caso, si su empresa aplica la prorrata especial, s\u00f3lo puede deducirse 16.200 euros (el IVA del alquiler de locales y el 60% del IVA de gastos comunes). Pues bien, como los 27.600&nbsp;euros (IVA deducible con prorrata general) superan en m\u00e1s de un 10% los 16.200&nbsp;euros deducibles con prorrata especial (16.200 + 16.200 x 10% = 17.820&nbsp;euros), debe aplicar la especial:<\/p>\n\n\n\n<figure class=\"wp-block-table\"><table><tbody><tr><td><strong>Declaraci\u00f3n 4.\u00ba trimestre<\/strong><\/td><td><strong>Importe<\/strong><\/td><\/tr><tr><td>IVA deducible 4T con prorrata 55%<\/td><td>8.250 (1)<\/td><\/tr><tr><td>Regularizaci\u00f3n anual prorrata especial<\/td><td>-9.100 (2)<\/td><\/tr><\/tbody><\/table><\/figure>\n\n\n\n<p>IVA deducible en el cuarto trimestre aplicando la prorrata provisional del a\u00f1o anterior.<\/p>\n\n\n\n<p>Diferencia entre el IVA deducido en los cuatro trimestres (con prorrata del 55%) y el IVA deducible seg\u00fan prorrata especial (16.200&nbsp;&#8211;&nbsp;25.300).<\/p>\n\n\n\n<p><strong>Su empresa puede verse obligada a regularizar el IVA deducido durante el a\u00f1o si la prorrata definitiva del a\u00f1o es diferente a la provisional y tambi\u00e9n por verse obligada a aplicar la prorrata especial.<\/strong><\/p>\n","protected":false},"excerpt":{"rendered":"<p>REC\u00c1LCULO ANUAL DEL IVA DEDUCIBLE Si su empresa tributa en el r\u00e9gimen de prorrata del IVA, recuerde que en la \u00faltima declaraci\u00f3n del a\u00f1o puede verse obligada a recalcular y&hellip;<\/p>\n<p class=\"more-link\"><a href=\"https:\/\/asenorte.com\/?p=267\" class=\"themebutton2\">Leer m\u00e1s<\/a><\/p>\n","protected":false},"author":1,"featured_media":0,"comment_status":"open","ping_status":"open","sticky":false,"template":"","format":"standard","meta":[],"categories":[7],"tags":[],"nelio_popups_active_popup":"","_links":{"self":[{"href":"https:\/\/asenorte.com\/index.php?rest_route=\/wp\/v2\/posts\/267"}],"collection":[{"href":"https:\/\/asenorte.com\/index.php?rest_route=\/wp\/v2\/posts"}],"about":[{"href":"https:\/\/asenorte.com\/index.php?rest_route=\/wp\/v2\/types\/post"}],"author":[{"embeddable":true,"href":"https:\/\/asenorte.com\/index.php?rest_route=\/wp\/v2\/users\/1"}],"replies":[{"embeddable":true,"href":"https:\/\/asenorte.com\/index.php?rest_route=%2Fwp%2Fv2%2Fcomments&post=267"}],"version-history":[{"count":1,"href":"https:\/\/asenorte.com\/index.php?rest_route=\/wp\/v2\/posts\/267\/revisions"}],"predecessor-version":[{"id":268,"href":"https:\/\/asenorte.com\/index.php?rest_route=\/wp\/v2\/posts\/267\/revisions\/268"}],"wp:attachment":[{"href":"https:\/\/asenorte.com\/index.php?rest_route=%2Fwp%2Fv2%2Fmedia&parent=267"}],"wp:term":[{"taxonomy":"category","embeddable":true,"href":"https:\/\/asenorte.com\/index.php?rest_route=%2Fwp%2Fv2%2Fcategories&post=267"},{"taxonomy":"post_tag","embeddable":true,"href":"https:\/\/asenorte.com\/index.php?rest_route=%2Fwp%2Fv2%2Ftags&post=267"}],"curies":[{"name":"wp","href":"https:\/\/api.w.org\/{rel}","templated":true}]}}